{"id":1010,"date":"2022-12-17T15:10:39","date_gmt":"2022-12-17T13:10:39","guid":{"rendered":"https:\/\/folwark.ovh\/?p=1010"},"modified":"2022-12-17T15:14:26","modified_gmt":"2022-12-17T13:14:26","slug":"zmarl-antoni-chudala","status":"publish","type":"post","link":"https:\/\/folwark.ovh\/index.php\/2022\/12\/17\/zmarl-antoni-chudala\/","title":{"rendered":"Zmar\u0142 Antoni Chudala"},"content":{"rendered":"\n<p class=\"has-text-align-center\">17.12.2022 Folwark<\/p>\n\n\n\n<p><\/p>\n\n\n\n<p class=\"has-text-align-left\">Wczoraj 16.12.2022 w wieku 78 lat zmar\u0142 w p\u00f3\u017anych godzinach wieczornych Antoni Chudala.<br>Zmar\u0142 nagle, bez po\u017cegnania, zostawi\u0142 rodzin\u0119, przyjaci\u00f3\u0142, koleg\u00f3w.<\/p>\n\n\n\n<p><\/p>\n\n\n\n<p>Pogrzeb odb\u0119dzie si\u0119 w Chrz\u0105szczycach w \u015brod\u0119 21.12.2022 o godzinie 13-tej.<\/p>\n\n\n\n<p><br>R\u00f3\u017caniec odb\u0119dzie si\u0119 w Kaplicy w Folwarku w dniu 20.12.2022 o godzinie 18-tej po mszy \u015bw. roratniej.<\/p>\n\n\n\n<p class=\"has-text-align-right\"><em>\u017bonie Agnieszce, dzieciom: Ma\u0142gosi, Izie i Robertowi sk\u0142adam wyrazy g\u0142\u0119bokiego wsp\u00f3\u0142czucia oraz<br>\u017cycz\u0119 si\u0142y w przetrwaniu tych ci\u0119\u017ckich chwil smutku i \u017ca\u0142oby. Danuta<\/em><\/p>\n","protected":false},"excerpt":{"rendered":"<p>17.12.2022 Folwark Wczoraj 16.12.2022 w wieku 78 lat zmar\u0142 w p\u00f3\u017anych godzinach wieczornych Antoni Chudala.Zmar\u0142 nagle, bez po\u017cegnania, zostawi\u0142 rodzin\u0119, przyjaci\u00f3\u0142, koleg\u00f3w. Pogrzeb odb\u0119dzie si\u0119 w Chrz\u0105szczycach w \u015brod\u0119 21.12.2022 o godzinie 13-tej. R\u00f3\u017caniec odb\u0119dzie si\u0119 w Kaplicy w Folwarku w dniu 20.12.2022 o godzinie 18-tej po mszy \u015bw. roratniej. \u017bonie Agnieszce, dzieciom: Ma\u0142gosi, Izie [&hellip;]<\/p>\n","protected":false},"author":1,"featured_media":0,"comment_status":"open","ping_status":"open","sticky":false,"template":"","format":"standard","meta":{"footnotes":""},"categories":[7],"tags":[],"class_list":["post-1010","post","type-post","status-publish","format-standard","hentry","category-pogrzeby"],"_links":{"self":[{"href":"https:\/\/folwark.ovh\/index.php\/wp-json\/wp\/v2\/posts\/1010","targetHints":{"allow":["GET"]}}],"collection":[{"href":"https:\/\/folwark.ovh\/index.php\/wp-json\/wp\/v2\/posts"}],"about":[{"href":"https:\/\/folwark.ovh\/index.php\/wp-json\/wp\/v2\/types\/post"}],"author":[{"embeddable":true,"href":"https:\/\/folwark.ovh\/index.php\/wp-json\/wp\/v2\/users\/1"}],"replies":[{"embeddable":true,"href":"https:\/\/folwark.ovh\/index.php\/wp-json\/wp\/v2\/comments?post=1010"}],"version-history":[{"count":2,"href":"https:\/\/folwark.ovh\/index.php\/wp-json\/wp\/v2\/posts\/1010\/revisions"}],"predecessor-version":[{"id":1014,"href":"https:\/\/folwark.ovh\/index.php\/wp-json\/wp\/v2\/posts\/1010\/revisions\/1014"}],"wp:attachment":[{"href":"https:\/\/folwark.ovh\/index.php\/wp-json\/wp\/v2\/media?parent=1010"}],"wp:term":[{"taxonomy":"category","embeddable":true,"href":"https:\/\/folwark.ovh\/index.php\/wp-json\/wp\/v2\/categories?post=1010"},{"taxonomy":"post_tag","embeddable":true,"href":"https:\/\/folwark.ovh\/index.php\/wp-json\/wp\/v2\/tags?post=1010"}],"curies":[{"name":"wp","href":"https:\/\/api.w.org\/{rel}","templated":true}]}}