{"id":1029,"date":"2022-12-28T06:09:39","date_gmt":"2022-12-28T04:09:39","guid":{"rendered":"https:\/\/folwark.ovh\/?p=1029"},"modified":"2023-02-03T23:16:29","modified_gmt":"2023-02-03T21:16:29","slug":"zmarla-elfryda-malik","status":"publish","type":"post","link":"https:\/\/folwark.ovh\/index.php\/2022\/12\/28\/zmarla-elfryda-malik\/","title":{"rendered":"Zmar\u0142a Elfryda Malik"},"content":{"rendered":"\n<p class=\"has-text-align-center\">28.12.2022 Folwark<\/p>\n\n\n\n<p class=\"has-text-align-center\">Wczoraj w godzinach porannych w wieku 90 lat odesz\u0142a Elfryda Malik. <\/p>\n\n\n\n<p class=\"has-text-align-center\">R\u00f3\u017caniec za zmar\u0142\u0105 zostanie odprawiony w czwartek 29 grudnia o godzinie 17.00. <\/p>\n\n\n\n<p class=\"has-text-align-center\">Pogrzeb odb\u0119dzie si\u0119 w pi\u0105tek 30 grudnia o godzinie 10.00.<\/p>\n\n\n\n<p><\/p>\n\n\n\n<p><\/p>\n\n\n\n<p class=\"has-text-align-right\"><em>Najszczersze kondolencje dla c\u00f3rek Gabrieli,  Brygidy oraz najbli\u017cszych sk\u0142ada Danuta z rodzin\u0105<\/em><\/p>\n","protected":false},"excerpt":{"rendered":"<p>28.12.2022 Folwark Wczoraj w godzinach porannych w wieku 90 lat odesz\u0142a Elfryda Malik. R\u00f3\u017caniec za zmar\u0142\u0105 zostanie odprawiony w czwartek 29 grudnia o godzinie 17.00. Pogrzeb odb\u0119dzie si\u0119 w pi\u0105tek 30 grudnia o godzinie 10.00. Najszczersze kondolencje dla c\u00f3rek Gabrieli, Brygidy oraz najbli\u017cszych sk\u0142ada Danuta z rodzin\u0105<\/p>\n","protected":false},"author":1,"featured_media":0,"comment_status":"closed","ping_status":"closed","sticky":false,"template":"","format":"standard","meta":{"footnotes":""},"categories":[7],"tags":[],"class_list":["post-1029","post","type-post","status-publish","format-standard","hentry","category-pogrzeby"],"_links":{"self":[{"href":"https:\/\/folwark.ovh\/index.php\/wp-json\/wp\/v2\/posts\/1029","targetHints":{"allow":["GET"]}}],"collection":[{"href":"https:\/\/folwark.ovh\/index.php\/wp-json\/wp\/v2\/posts"}],"about":[{"href":"https:\/\/folwark.ovh\/index.php\/wp-json\/wp\/v2\/types\/post"}],"author":[{"embeddable":true,"href":"https:\/\/folwark.ovh\/index.php\/wp-json\/wp\/v2\/users\/1"}],"replies":[{"embeddable":true,"href":"https:\/\/folwark.ovh\/index.php\/wp-json\/wp\/v2\/comments?post=1029"}],"version-history":[{"count":1,"href":"https:\/\/folwark.ovh\/index.php\/wp-json\/wp\/v2\/posts\/1029\/revisions"}],"predecessor-version":[{"id":1030,"href":"https:\/\/folwark.ovh\/index.php\/wp-json\/wp\/v2\/posts\/1029\/revisions\/1030"}],"wp:attachment":[{"href":"https:\/\/folwark.ovh\/index.php\/wp-json\/wp\/v2\/media?parent=1029"}],"wp:term":[{"taxonomy":"category","embeddable":true,"href":"https:\/\/folwark.ovh\/index.php\/wp-json\/wp\/v2\/categories?post=1029"},{"taxonomy":"post_tag","embeddable":true,"href":"https:\/\/folwark.ovh\/index.php\/wp-json\/wp\/v2\/tags?post=1029"}],"curies":[{"name":"wp","href":"https:\/\/api.w.org\/{rel}","templated":true}]}}